{"id":1295,"date":"2021-07-08T06:08:16","date_gmt":"2021-07-08T06:08:16","guid":{"rendered":"https:\/\/alexandrasbienenwelt.de\/?p=1295"},"modified":"2021-07-08T06:08:52","modified_gmt":"2021-07-08T06:08:52","slug":"sommer-freizeit","status":"publish","type":"post","link":"https:\/\/alexandrasbienenwelt.de\/?p=1295","title":{"rendered":"Sommer-Freizeit"},"content":{"rendered":"\n<p>Nach einem Wochenende f\u00fcr Alleinerziehende unter dem Motto &#8222;Weil es um unsere Zukunft geht&#8230;&#8220; ist nun die Anmeldung f\u00fcr die Familien-Sommer-Freizeit im Evangelischen Bildungszentrum Bad Alexandersbad m\u00f6glich. Das Programm steht unter dem Titel &#8222;B\u00e4ume &#8211; R\u00e4ume &#8211; Tr\u00e4ume&#8220; und es ist dabei auch eine Fahrt in die Klimawerkstatt Bayreuth St. Georgen geplant, wo auch Bienen aus ALEXANDRAs BIENENWELT zu finden sind. <\/p>\n\n\n\n<figure class=\"wp-block-image size-large\"><img loading=\"lazy\" decoding=\"async\" width=\"644\" height=\"341\" src=\"https:\/\/alexandrasbienenwelt.de\/wp-content\/uploads\/2021\/07\/Flyer-Sommerfreizeit2-644x341.jpg\" alt=\"\" class=\"wp-image-1296\" srcset=\"https:\/\/alexandrasbienenwelt.de\/wp-content\/uploads\/2021\/07\/Flyer-Sommerfreizeit2-644x341.jpg 644w, https:\/\/alexandrasbienenwelt.de\/wp-content\/uploads\/2021\/07\/Flyer-Sommerfreizeit2-300x159.jpg 300w, https:\/\/alexandrasbienenwelt.de\/wp-content\/uploads\/2021\/07\/Flyer-Sommerfreizeit2-768x406.jpg 768w, https:\/\/alexandrasbienenwelt.de\/wp-content\/uploads\/2021\/07\/Flyer-Sommerfreizeit2-1536x812.jpg 1536w, https:\/\/alexandrasbienenwelt.de\/wp-content\/uploads\/2021\/07\/Flyer-Sommerfreizeit2.jpg 1562w\" sizes=\"auto, (max-width: 644px) 100vw, 644px\" \/><\/figure>\n\n\n\n<figure class=\"wp-block-image size-large\"><img loading=\"lazy\" decoding=\"async\" width=\"644\" height=\"341\" src=\"https:\/\/alexandrasbienenwelt.de\/wp-content\/uploads\/2021\/07\/Flyer-Sommerfreizeit1-644x341.jpg\" alt=\"\" class=\"wp-image-1297\" srcset=\"https:\/\/alexandrasbienenwelt.de\/wp-content\/uploads\/2021\/07\/Flyer-Sommerfreizeit1-644x341.jpg 644w, https:\/\/alexandrasbienenwelt.de\/wp-content\/uploads\/2021\/07\/Flyer-Sommerfreizeit1-300x159.jpg 300w, https:\/\/alexandrasbienenwelt.de\/wp-content\/uploads\/2021\/07\/Flyer-Sommerfreizeit1-768x406.jpg 768w, https:\/\/alexandrasbienenwelt.de\/wp-content\/uploads\/2021\/07\/Flyer-Sommerfreizeit1-1536x812.jpg 1536w, https:\/\/alexandrasbienenwelt.de\/wp-content\/uploads\/2021\/07\/Flyer-Sommerfreizeit1.jpg 1562w\" sizes=\"auto, (max-width: 644px) 100vw, 644px\" \/><\/figure>\n","protected":false},"excerpt":{"rendered":"<p>Nach einem Wochenende f\u00fcr Alleinerziehende unter dem Motto &#8222;Weil es um unsere Zukunft geht&#8230;&#8220; ist nun die Anmeldung f\u00fcr die Familien-Sommer-Freizeit im Evangelischen Bildungszentrum Bad Alexandersbad m\u00f6glich. Das Programm steht unter dem Titel &#8222;B\u00e4ume &#8211; R\u00e4ume &#8211; Tr\u00e4ume&#8220; und es &hellip; <a href=\"https:\/\/alexandrasbienenwelt.de\/?p=1295\">Weiterlesen <span class=\"meta-nav\">&rarr;<\/span><\/a><\/p>\n","protected":false},"author":1,"featured_media":0,"comment_status":"closed","ping_status":"closed","sticky":false,"template":"","format":"standard","meta":{"footnotes":""},"categories":[1],"tags":[],"class_list":["post-1295","post","type-post","status-publish","format-standard","hentry","category-uncategorized"],"_links":{"self":[{"href":"https:\/\/alexandrasbienenwelt.de\/index.php?rest_route=\/wp\/v2\/posts\/1295","targetHints":{"allow":["GET"]}}],"collection":[{"href":"https:\/\/alexandrasbienenwelt.de\/index.php?rest_route=\/wp\/v2\/posts"}],"about":[{"href":"https:\/\/alexandrasbienenwelt.de\/index.php?rest_route=\/wp\/v2\/types\/post"}],"author":[{"embeddable":true,"href":"https:\/\/alexandrasbienenwelt.de\/index.php?rest_route=\/wp\/v2\/users\/1"}],"replies":[{"embeddable":true,"href":"https:\/\/alexandrasbienenwelt.de\/index.php?rest_route=%2Fwp%2Fv2%2Fcomments&post=1295"}],"version-history":[{"count":2,"href":"https:\/\/alexandrasbienenwelt.de\/index.php?rest_route=\/wp\/v2\/posts\/1295\/revisions"}],"predecessor-version":[{"id":1299,"href":"https:\/\/alexandrasbienenwelt.de\/index.php?rest_route=\/wp\/v2\/posts\/1295\/revisions\/1299"}],"wp:attachment":[{"href":"https:\/\/alexandrasbienenwelt.de\/index.php?rest_route=%2Fwp%2Fv2%2Fmedia&parent=1295"}],"wp:term":[{"taxonomy":"category","embeddable":true,"href":"https:\/\/alexandrasbienenwelt.de\/index.php?rest_route=%2Fwp%2Fv2%2Fcategories&post=1295"},{"taxonomy":"post_tag","embeddable":true,"href":"https:\/\/alexandrasbienenwelt.de\/index.php?rest_route=%2Fwp%2Fv2%2Ftags&post=1295"}],"curies":[{"name":"wp","href":"https:\/\/api.w.org\/{rel}","templated":true}]}}